{"id":2890,"date":"2024-08-10T11:16:41","date_gmt":"2024-08-10T09:16:41","guid":{"rendered":"https:\/\/serradifiumorbu.corsica\/?p=2890"},"modified":"2024-08-17T08:59:07","modified_gmt":"2024-08-17T06:59:07","slug":"plan-communal-de-debroussaillement-une-reunion-publique-le-6-aout-sur-ornasu","status":"publish","type":"post","link":"https:\/\/serradifiumorbu.corsica\/co\/2024\/08\/10\/plan-communal-de-debroussaillement-une-reunion-publique-le-6-aout-sur-ornasu\/","title":{"rendered":"Plan Communal de d\u00e9broussaillement : Une r\u00e9union constructive"},"content":{"rendered":"<div data-elementor-type=\"wp-post\" data-elementor-id=\"2890\" class=\"elementor elementor-2890\" data-elementor-post-type=\"post\">\n\t\t\t\t<div class=\"elementor-element elementor-element-3bc71ae8 e-flex e-con-boxed e-con e-parent\" data-id=\"3bc71ae8\" data-element_type=\"container\" data-e-type=\"container\">\n\t\t\t\t\t<div class=\"e-con-inner\">\n\t\t\t\t<div class=\"elementor-element elementor-element-2039e212 elementor-widget elementor-widget-text-editor\" data-id=\"2039e212\" data-element_type=\"widget\" data-e-type=\"widget\" data-widget_type=\"text-editor.default\">\n\t\t\t\t<div class=\"elementor-widget-container\">\n\t\t\t\t\t\t\t\t\t<p>Par d\u00e9lib\u00e9ration du 8 mars 2023, le conseil municipal a d\u00e9cid\u00e9&nbsp;<span style=\"font-size: 14px; font-family: var( --e-global-typography-text-font-family ), Sans-serif; text-align: var(--text-align);\">d\u2019\u00e9laborer son Plan Communal de&nbsp;<\/span><\/p>\n<p>D\u00e9broussaillement (PCD) afin de d\u00e9finir la meilleure strat\u00e9gie possible pour l\u2019application de la r\u00e9glementation relative&nbsp;<\/p>\n<p>au d\u00e9broussaillement sur l\u2019ensemble du territoire communal.<\/p>\n<p>Conscient de l\u2019int\u00e9r\u00eat de disposer de cet outil qu\u2019est le PCD, mais aussi de la complexit\u00e9 de son \u00e9laboration, de sa mise en&nbsp;<\/p>\n<p>\u0153uvre et de son suivi dans le temps, nous avons obtenu l\u2019appui administratif et technique des services de l&rsquo;ODARC pour aider la commune&nbsp;<\/p>\n<p>\u00e0 r\u00e9aliser ce projet. Une r\u00e9union avec les diff\u00e9rents partenaires (ODARC, Communaut\u00e9 de communes Fium&rsquo;Orbu Castellu, DDTM, ONF, sapeurs forestiers, pompiers) afin de pr\u00e9senter ce plan \u00e0 la population, a eu lieu le 6 Ao\u00fbt au matin \u00e0 la salle des f\u00eates d&rsquo;Ornasu en pr\u00e9sence de la population qui s&rsquo;est d\u00e9plac\u00e9e en nombre. Deux r\u00e9unions auront lieu au mois d&rsquo;octobre sur les deux hameaux afin d&rsquo;analyser plus pr\u00e9cis\u00e9ment la situation.<\/p>\n<div>&nbsp;<\/div>\t\t\t\t\t\t\t\t<\/div>\n\t\t\t\t<\/div>\n\t\t\t\t\t<\/div>\n\t\t\t\t<\/div>\n\t\t<div class=\"elementor-element elementor-element-f153012 e-grid e-con-boxed e-con e-parent\" data-id=\"f153012\" data-element_type=\"container\" data-e-type=\"container\">\n\t\t\t\t\t<div class=\"e-con-inner\">\n\t\t\t\t<div class=\"elementor-element elementor-element-99a6a08 elementor-widget elementor-widget-image\" data-id=\"99a6a08\" data-element_type=\"widget\" data-e-type=\"widget\" data-widget_type=\"image.default\">\n\t\t\t\t<div class=\"elementor-widget-container\">\n\t\t\t\t\t\t\t\t\t\t\t\t\t\t\t<img fetchpriority=\"high\" decoding=\"async\" width=\"1024\" height=\"723\" src=\"https:\/\/serradifiumorbu.corsica\/wp-content\/uploads\/2024\/07\/ooapin-17-1024x723.jpeg\" class=\"attachment-large size-large wp-image-2894\" alt=\"\" srcset=\"https:\/\/serradifiumorbu.corsica\/wp-content\/uploads\/2024\/07\/ooapin-17-980x692.jpeg 980w, https:\/\/serradifiumorbu.corsica\/wp-content\/uploads\/2024\/07\/ooapin-17-480x339.jpeg 480w\" sizes=\"(min-width: 0px) and (max-width: 480px) 480px, (min-width: 481px) and (max-width: 980px) 980px, (min-width: 981px) 1024px, 100vw\" \/>\t\t\t\t\t\t\t\t\t\t\t\t\t\t\t<\/div>\n\t\t\t\t<\/div>\n\t\t\t\t<div class=\"elementor-element elementor-element-01850f9 elementor-widget elementor-widget-image\" data-id=\"01850f9\" data-element_type=\"widget\" data-e-type=\"widget\" data-widget_type=\"image.default\">\n\t\t\t\t<div class=\"elementor-widget-container\">\n\t\t\t\t\t\t\t\t\t\t\t\t\t\t\t<img decoding=\"async\" width=\"1024\" height=\"723\" src=\"https:\/\/serradifiumorbu.corsica\/wp-content\/uploads\/2024\/07\/ooapin-18-1024x723.jpeg\" class=\"attachment-large size-large wp-image-2895\" alt=\"\" srcset=\"https:\/\/serradifiumorbu.corsica\/wp-content\/uploads\/2024\/07\/ooapin-18-980x692.jpeg 980w, https:\/\/serradifiumorbu.corsica\/wp-content\/uploads\/2024\/07\/ooapin-18-480x339.jpeg 480w\" sizes=\"(min-width: 0px) and (max-width: 480px) 480px, (min-width: 481px) and (max-width: 980px) 980px, (min-width: 981px) 1024px, 100vw\" \/>\t\t\t\t\t\t\t\t\t\t\t\t\t\t\t<\/div>\n\t\t\t\t<\/div>\n\t\t\t\t\t<\/div>\n\t\t\t\t<\/div>\n\t\t<div class=\"elementor-element elementor-element-f20873f e-flex e-con-boxed e-con e-parent\" data-id=\"f20873f\" data-element_type=\"container\" data-e-type=\"container\">\n\t\t\t\t\t<div class=\"e-con-inner\">\n\t\t\t\t<div class=\"elementor-element elementor-element-825ce3a elementor-widget elementor-widget-image\" data-id=\"825ce3a\" data-element_type=\"widget\" data-e-type=\"widget\" data-widget_type=\"image.default\">\n\t\t\t\t<div class=\"elementor-widget-container\">\n\t\t\t\t\t\t\t\t\t\t\t\t\t\t\t<img decoding=\"async\" width=\"672\" height=\"1024\" src=\"https:\/\/serradifiumorbu.corsica\/wp-content\/uploads\/2024\/08\/IMG_478631CA4806-1-672x1024.jpeg\" class=\"attachment-large size-large wp-image-2928\" alt=\"\" \/>\t\t\t\t\t\t\t\t\t\t\t\t\t\t\t<\/div>\n\t\t\t\t<\/div>\n\t\t\t\t\t<\/div>\n\t\t\t\t<\/div>\n\t\t\t\t<\/div>","protected":false},"excerpt":{"rendered":"<p>Par d\u00e9lib\u00e9ration du 8 mars 2023, le conseil municipal a d\u00e9cid\u00e9&nbsp;d\u2019\u00e9laborer son Plan Communal de&nbsp; D\u00e9broussaillement (PCD) afin de d\u00e9finir la meilleure strat\u00e9gie possible pour l\u2019application de la r\u00e9glementation relative&nbsp; au d\u00e9broussaillement sur l\u2019ensemble du territoire communal. Conscient de l\u2019int\u00e9r\u00eat de disposer de cet outil qu\u2019est le PCD, mais aussi de la complexit\u00e9 de son [&hellip;]<\/p>\n","protected":false},"author":2,"featured_media":2891,"comment_status":"open","ping_status":"open","sticky":false,"template":"","format":"standard","meta":{"_et_pb_use_builder":"on","_et_pb_old_content":"","_et_gb_content_width":"","footnotes":""},"categories":[3],"tags":[72,77],"class_list":["post-2890","post","type-post","status-publish","format-standard","has-post-thumbnail","hentry","category-actualite","tag-incendie","tag-securite"],"_links":{"self":[{"href":"https:\/\/serradifiumorbu.corsica\/co\/wp-json\/wp\/v2\/posts\/2890","targetHints":{"allow":["GET"]}}],"collection":[{"href":"https:\/\/serradifiumorbu.corsica\/co\/wp-json\/wp\/v2\/posts"}],"about":[{"href":"https:\/\/serradifiumorbu.corsica\/co\/wp-json\/wp\/v2\/types\/post"}],"author":[{"embeddable":true,"href":"https:\/\/serradifiumorbu.corsica\/co\/wp-json\/wp\/v2\/users\/2"}],"replies":[{"embeddable":true,"href":"https:\/\/serradifiumorbu.corsica\/co\/wp-json\/wp\/v2\/comments?post=2890"}],"version-history":[{"count":12,"href":"https:\/\/serradifiumorbu.corsica\/co\/wp-json\/wp\/v2\/posts\/2890\/revisions"}],"predecessor-version":[{"id":2931,"href":"https:\/\/serradifiumorbu.corsica\/co\/wp-json\/wp\/v2\/posts\/2890\/revisions\/2931"}],"wp:featuredmedia":[{"embeddable":true,"href":"https:\/\/serradifiumorbu.corsica\/co\/wp-json\/wp\/v2\/media\/2891"}],"wp:attachment":[{"href":"https:\/\/serradifiumorbu.corsica\/co\/wp-json\/wp\/v2\/media?parent=2890"}],"wp:term":[{"taxonomy":"category","embeddable":true,"href":"https:\/\/serradifiumorbu.corsica\/co\/wp-json\/wp\/v2\/categories?post=2890"},{"taxonomy":"post_tag","embeddable":true,"href":"https:\/\/serradifiumorbu.corsica\/co\/wp-json\/wp\/v2\/tags?post=2890"}],"curies":[{"name":"wp","href":"https:\/\/api.w.org\/{rel}","templated":true}]}}